{"id":999,"date":"2024-08-01T13:57:20","date_gmt":"2024-08-01T11:57:20","guid":{"rendered":"https:\/\/bonitosound.com\/?p=999"},"modified":"2025-02-21T13:37:30","modified_gmt":"2025-02-21T12:37:30","slug":"rule-blanko-roto-suneixen-bajo-cero","status":"publish","type":"post","link":"https:\/\/bonitosound.com\/ca\/rule-blanko-roto-suneixen-bajo-cero\/","title":{"rendered":"Rule &amp; Blanko Roto s'uneixen \"Bajo cero\""},"content":{"rendered":"\n<ul class=\"wp-block-list\">\n<li>El raper de Matar\u00f3 es posa en mans del productor valenci\u00e0 Rule i estrenen Bajo Cero, el primer tema junts.<\/li>\n\n\n\n<li>El <a href=\"https:\/\/youtu.be\/ZgsRXpHNgds?feature=shared\">videoclip<\/a> ja est\u00e0 disponible a youtube.<\/li>\n<\/ul>\n\n\n\n<p>Blanko Roto, des de Matar\u00f3, acaba de presentar el seu \u00e0lbum \"Eclipse\" per donar la benvinguda a l'estiu, i Rule, productor i DJ de format obert, est\u00e0 publicant els seus propis remixos des del 2020. Ara decideixen unir-se musicalment i estrenar un single amb sonoritats entre ritmes m\u00e9s urbans i undergrounds, com ara el trap i ritmes m\u00e9s trencats com el ball funk, tot amb un aire electr\u00f2nic. D'aqu\u00ed neix \"Bajo cero\".<\/p>\n\n\n\n<div style=\"height:34px\" aria-hidden=\"true\" class=\"wp-block-spacer\"><\/div>\n\n\n\n<div class=\"wp-block-buttons is-content-justification-center is-layout-flex wp-container-core-buttons-is-layout-a89b3969 wp-block-buttons-is-layout-flex\">\n<div class=\"wp-block-button has-custom-width wp-block-button__width-50\"><a class=\"wp-block-button__link has-background wp-element-button\" href=\"https:\/\/orcd.co\/bajocero-dj-rule-blanko-roto\" style=\"background-color:#2b4575\">Ja disponible a totes les plataformes!<\/a><\/div>\n<\/div>\n","protected":false},"excerpt":{"rendered":"<p>Blanko Roto, des de Matar\u00f3, acaba de presentar el seu \u00e0lbum \"Eclipse\" per donar la benvinguda a l'estiu, i Rule, productor i DJ de format obert, est\u00e0 publicant els seus propis remixos des del 2020. Ara decideixen unir-se musicalment i estrenar un single amb sonoritats entre ritmes m\u00e9s urbans i undergrounds, com ara el trap [&hellip;]<\/p>\n","protected":false},"author":4,"featured_media":982,"comment_status":"closed","ping_status":"closed","sticky":false,"template":"","format":"standard","meta":{"_acf_changed":false,"footnotes":""},"categories":[1],"tags":[],"class_list":["post-999","post","type-post","status-publish","format-standard","has-post-thumbnail","hentry","category-sin-categorizar"],"acf":[],"_links":{"self":[{"href":"https:\/\/bonitosound.com\/ca\/wp-json\/wp\/v2\/posts\/999","targetHints":{"allow":["GET"]}}],"collection":[{"href":"https:\/\/bonitosound.com\/ca\/wp-json\/wp\/v2\/posts"}],"about":[{"href":"https:\/\/bonitosound.com\/ca\/wp-json\/wp\/v2\/types\/post"}],"author":[{"embeddable":true,"href":"https:\/\/bonitosound.com\/ca\/wp-json\/wp\/v2\/users\/4"}],"replies":[{"embeddable":true,"href":"https:\/\/bonitosound.com\/ca\/wp-json\/wp\/v2\/comments?post=999"}],"version-history":[{"count":1,"href":"https:\/\/bonitosound.com\/ca\/wp-json\/wp\/v2\/posts\/999\/revisions"}],"predecessor-version":[{"id":1001,"href":"https:\/\/bonitosound.com\/ca\/wp-json\/wp\/v2\/posts\/999\/revisions\/1001"}],"wp:featuredmedia":[{"embeddable":true,"href":"https:\/\/bonitosound.com\/ca\/wp-json\/wp\/v2\/media\/982"}],"wp:attachment":[{"href":"https:\/\/bonitosound.com\/ca\/wp-json\/wp\/v2\/media?parent=999"}],"wp:term":[{"taxonomy":"category","embeddable":true,"href":"https:\/\/bonitosound.com\/ca\/wp-json\/wp\/v2\/categories?post=999"},{"taxonomy":"post_tag","embeddable":true,"href":"https:\/\/bonitosound.com\/ca\/wp-json\/wp\/v2\/tags?post=999"}],"curies":[{"name":"wp","href":"https:\/\/api.w.org\/{rel}","templated":true}]}}