{"id":1745,"date":"2025-03-21T10:30:00","date_gmt":"2025-03-21T09:30:00","guid":{"rendered":"https:\/\/bonitosound.com\/?p=1745"},"modified":"2025-03-20T17:43:48","modified_gmt":"2025-03-20T16:43:48","slug":"noves-dates-de-la-pianista-laura-andres","status":"publish","type":"post","link":"https:\/\/bonitosound.com\/ca\/noves-dates-de-la-pianista-laura-andres\/","title":{"rendered":"Noves dates de la pianista Laura Andr\u00e9s"},"content":{"rendered":"\n<p>Al llarg dels seg\u00fcents mesos la pianista catalana Laura Andr\u00e9s estar\u00e0 realitzant concerts per diferents localitats tant dins com de fora de Catalunya. Com a ag\u00e8ncia de <em>booking,<\/em> estem constantment actius per poder fer arribar la seva sensibilitat musical a diferents ciutats del pa\u00eds. No us perdeu els seus pr\u00f2xims concerts!<\/p>\n\n\n\n<p>\u00a0Aquest diumenge 23 de mar\u00e7 estar\u00e0 tocant al partit del Bar\u00e7a femen\u00ed a l\u2019estadi Ol\u00edmpic.\u00a0<\/p>\n\n\n\n<p><\/p>\n\n\n<div class=\"wp-block-image\">\n<figure class=\"aligncenter size-large is-resized\"><img loading=\"lazy\" decoding=\"async\" width=\"819\" height=\"1024\" src=\"https:\/\/bonitosound.com\/wp-content\/uploads\/2025\/03\/Concerts-Laura--819x1024.png\" alt=\"\" class=\"wp-image-1748\" style=\"width:507px;height:auto\" srcset=\"https:\/\/bonitosound.com\/wp-content\/uploads\/2025\/03\/Concerts-Laura--819x1024.png 819w, https:\/\/bonitosound.com\/wp-content\/uploads\/2025\/03\/Concerts-Laura--240x300.png 240w, https:\/\/bonitosound.com\/wp-content\/uploads\/2025\/03\/Concerts-Laura--768x960.png 768w, https:\/\/bonitosound.com\/wp-content\/uploads\/2025\/03\/Concerts-Laura-.png 1080w\" sizes=\"auto, (max-width: 819px) 100vw, 819px\" \/><\/figure>\n<\/div>","protected":false},"excerpt":{"rendered":"<p>Al llarg dels seg\u00fcents mesos la pianista catalana Laura Andr\u00e9s estar\u00e0 realitzant concerts per diferents localitats tant dins com de fora de Catalunya. Com a ag\u00e8ncia de booking, estem constantment actius per poder fer arribar la seva sensibilitat musical a diferents ciutats del pa\u00eds. No us perdeu els seus pr\u00f2xims concerts! \u00a0Aquest diumenge 23 de [&hellip;]<\/p>\n","protected":false},"author":4,"featured_media":1748,"comment_status":"closed","ping_status":"closed","sticky":false,"template":"","format":"standard","meta":{"_acf_changed":false,"footnotes":""},"categories":[1],"tags":[],"class_list":["post-1745","post","type-post","status-publish","format-standard","has-post-thumbnail","hentry","category-sin-categorizar"],"acf":[],"_links":{"self":[{"href":"https:\/\/bonitosound.com\/ca\/wp-json\/wp\/v2\/posts\/1745","targetHints":{"allow":["GET"]}}],"collection":[{"href":"https:\/\/bonitosound.com\/ca\/wp-json\/wp\/v2\/posts"}],"about":[{"href":"https:\/\/bonitosound.com\/ca\/wp-json\/wp\/v2\/types\/post"}],"author":[{"embeddable":true,"href":"https:\/\/bonitosound.com\/ca\/wp-json\/wp\/v2\/users\/4"}],"replies":[{"embeddable":true,"href":"https:\/\/bonitosound.com\/ca\/wp-json\/wp\/v2\/comments?post=1745"}],"version-history":[{"count":1,"href":"https:\/\/bonitosound.com\/ca\/wp-json\/wp\/v2\/posts\/1745\/revisions"}],"predecessor-version":[{"id":1750,"href":"https:\/\/bonitosound.com\/ca\/wp-json\/wp\/v2\/posts\/1745\/revisions\/1750"}],"wp:featuredmedia":[{"embeddable":true,"href":"https:\/\/bonitosound.com\/ca\/wp-json\/wp\/v2\/media\/1748"}],"wp:attachment":[{"href":"https:\/\/bonitosound.com\/ca\/wp-json\/wp\/v2\/media?parent=1745"}],"wp:term":[{"taxonomy":"category","embeddable":true,"href":"https:\/\/bonitosound.com\/ca\/wp-json\/wp\/v2\/categories?post=1745"},{"taxonomy":"post_tag","embeddable":true,"href":"https:\/\/bonitosound.com\/ca\/wp-json\/wp\/v2\/tags?post=1745"}],"curies":[{"name":"wp","href":"https:\/\/api.w.org\/{rel}","templated":true}]}}