{"id":1733,"date":"2025-03-18T10:30:00","date_gmt":"2025-03-18T09:30:00","guid":{"rendered":"https:\/\/bonitosound.com\/?p=1733"},"modified":"2025-03-17T19:55:42","modified_gmt":"2025-03-17T18:55:42","slug":"bonito-sound-present-al-programa-impulsa-cultura","status":"publish","type":"post","link":"https:\/\/bonitosound.com\/ca\/bonito-sound-present-al-programa-impulsa-cultura\/","title":{"rendered":"Bonito sound present al Programa Impulsa Cultura"},"content":{"rendered":"\n<p><\/p>\n\n\n\n<p>Fa una setmana va arrencar el <em>Programa Impulsa Cultura<\/em> a l\u2019Antiga F\u00e0brica d'Estrella Damm. Aquest programa t\u00e9 com a objectiu ajudar a millorar la gesti\u00f3 d\u2019un projecte cultural. La primera fase ja est\u00e0 en acci\u00f3, oferint mitjan\u00e7ant tallers una formaci\u00f3 per poder millorar el seu desenvolupament. Despr\u00e9s de tres fases, la proposta guanyadora rebr\u00e0 suport econ\u00f2mic poder impulsar-ne el seu creixement.<\/p>\n\n\n\n<p>Des de Bonito Sound estem participant amb <strong>Artiverse<\/strong>, una aplicaci\u00f3 digital en la qual portem un temps treballant i que ser\u00e0 una eina clau per als treballadors de la ind\u00fastria musical. Al llarg d\u2019aquests mesos assistirem a diverses sessions que ens ajudaran a enfortir el projecte. Tenim moltes ganes de compartir m\u00e9s informaci\u00f3 ben aviat sobre el seu desenvolupament!<\/p>\n\n\n\n<p><\/p>\n\n\n<div class=\"wp-block-image\">\n<figure class=\"aligncenter size-large is-resized\"><img loading=\"lazy\" decoding=\"async\" width=\"1024\" height=\"683\" src=\"https:\/\/bonitosound.com\/wp-content\/uploads\/2025\/03\/PIC-1024x683.png\" alt=\"\" class=\"wp-image-1734\" style=\"width:536px;height:auto\" srcset=\"https:\/\/bonitosound.com\/wp-content\/uploads\/2025\/03\/PIC-1024x683.png 1024w, https:\/\/bonitosound.com\/wp-content\/uploads\/2025\/03\/PIC-300x200.png 300w, https:\/\/bonitosound.com\/wp-content\/uploads\/2025\/03\/PIC-768x512.png 768w, https:\/\/bonitosound.com\/wp-content\/uploads\/2025\/03\/PIC.png 1080w\" sizes=\"auto, (max-width: 1024px) 100vw, 1024px\" \/><\/figure>\n<\/div>","protected":false},"excerpt":{"rendered":"<p>Fa una setmana va arrencar el Programa Impulsa Cultura a l\u2019Antiga F\u00e0brica d'Estrella Damm. Aquest programa t\u00e9 com a objectiu ajudar a millorar la gesti\u00f3 d\u2019un projecte cultural. La primera fase ja est\u00e0 en acci\u00f3, oferint mitjan\u00e7ant tallers una formaci\u00f3 per poder millorar el seu desenvolupament. Despr\u00e9s de tres fases, la proposta guanyadora rebr\u00e0 suport [&hellip;]<\/p>\n","protected":false},"author":4,"featured_media":1734,"comment_status":"closed","ping_status":"closed","sticky":false,"template":"","format":"standard","meta":{"_acf_changed":false,"footnotes":""},"categories":[1],"tags":[],"class_list":["post-1733","post","type-post","status-publish","format-standard","has-post-thumbnail","hentry","category-sin-categorizar"],"acf":[],"_links":{"self":[{"href":"https:\/\/bonitosound.com\/ca\/wp-json\/wp\/v2\/posts\/1733","targetHints":{"allow":["GET"]}}],"collection":[{"href":"https:\/\/bonitosound.com\/ca\/wp-json\/wp\/v2\/posts"}],"about":[{"href":"https:\/\/bonitosound.com\/ca\/wp-json\/wp\/v2\/types\/post"}],"author":[{"embeddable":true,"href":"https:\/\/bonitosound.com\/ca\/wp-json\/wp\/v2\/users\/4"}],"replies":[{"embeddable":true,"href":"https:\/\/bonitosound.com\/ca\/wp-json\/wp\/v2\/comments?post=1733"}],"version-history":[{"count":3,"href":"https:\/\/bonitosound.com\/ca\/wp-json\/wp\/v2\/posts\/1733\/revisions"}],"predecessor-version":[{"id":1740,"href":"https:\/\/bonitosound.com\/ca\/wp-json\/wp\/v2\/posts\/1733\/revisions\/1740"}],"wp:featuredmedia":[{"embeddable":true,"href":"https:\/\/bonitosound.com\/ca\/wp-json\/wp\/v2\/media\/1734"}],"wp:attachment":[{"href":"https:\/\/bonitosound.com\/ca\/wp-json\/wp\/v2\/media?parent=1733"}],"wp:term":[{"taxonomy":"category","embeddable":true,"href":"https:\/\/bonitosound.com\/ca\/wp-json\/wp\/v2\/categories?post=1733"},{"taxonomy":"post_tag","embeddable":true,"href":"https:\/\/bonitosound.com\/ca\/wp-json\/wp\/v2\/tags?post=1733"}],"curies":[{"name":"wp","href":"https:\/\/api.w.org\/{rel}","templated":true}]}}