{"id":1687,"date":"2025-02-26T10:30:00","date_gmt":"2025-02-26T09:30:00","guid":{"rendered":"https:\/\/bonitosound.com\/?p=1687"},"modified":"2025-02-26T10:28:45","modified_gmt":"2025-02-26T09:28:45","slug":"nominats-als-premis-min","status":"publish","type":"post","link":"https:\/\/bonitosound.com\/ca\/nominats-als-premis-min\/","title":{"rendered":"Nominats als Premis MIN"},"content":{"rendered":"\n<p>El passat dijous 20 de febrer es van anunciar les nominacions de la XVII edici\u00f3 dels premis Min, l'esdeveniment anual que promou i premia la m\u00fasica independent. Ens alegra anunciar que entre els seleccionats hi ha alguns dels nostres artistes. Des de Bonito Sound, us convidem a votar-los per al Premi del P\u00fablic fins al 4 de mar\u00e7.<br><br><span style=\"text-decoration: underline;\">Nominacions<\/span>:<br><br><strong>Eva Calyza<br><\/strong><br>Canci\u00f3n del a\u00f1o - <em>Ni\u00f1a, qu\u00e9<\/em><br>Mejor artista emergente - <em>Ni\u00f1a, qu\u00e9<\/em><br>Mejor videoclip - <em>Ni\u00f1a, qu\u00e9<\/em> (Director\/a - Neire romero)<br>Mejor grabaci\u00f3n de m\u00fasicas urbanas - <em>Ni\u00f1a, qu\u00e9<\/em><br>Mejor producci\u00f3n musical - <em>Ni\u00f1a, qu\u00e9<\/em> (Productor\/a: Kim Miguel y Eva Mar\u00edn)<br><br><strong>Kenai White<br><\/strong><br>Canci\u00f3n del a\u00f1o - <em>Azul<\/em><br>Mejor artista emergente - <em>Azul<\/em><br>Mejor letra original - <em>Azul<\/em><br><br><strong>AlexDeLion<\/strong><br><br>Mejor artista emergente - <em>Hermana<\/em><br>Mejor letra original - <em>Hermana<\/em><br><br><strong>Paula Pi\u00f1ero<br><\/strong><br>Mejor artista emergente - <em>Papallones a l\u2019hivern<\/em><br>Mejor letra original - <em>Papallones a l\u2019hivern<\/em><br><br><strong>Pablo Rojo<br><\/strong><br>Mejor artista emergente - <em>Time flies<\/em><\/p>\n\n\n\n<p><\/p>\n\n\n<div class=\"wp-block-image\">\n<figure class=\"aligncenter size-large is-resized\"><img loading=\"lazy\" decoding=\"async\" width=\"1024\" height=\"267\" src=\"https:\/\/bonitosound.com\/wp-content\/uploads\/2025\/02\/PremiosMIN2025_Header_v1-1-2-1024x267.png\" alt=\"\" class=\"wp-image-1683\" style=\"width:588px;height:auto\" srcset=\"https:\/\/bonitosound.com\/wp-content\/uploads\/2025\/02\/PremiosMIN2025_Header_v1-1-2-1024x267.png 1024w, https:\/\/bonitosound.com\/wp-content\/uploads\/2025\/02\/PremiosMIN2025_Header_v1-1-2-300x78.png 300w, https:\/\/bonitosound.com\/wp-content\/uploads\/2025\/02\/PremiosMIN2025_Header_v1-1-2-768x200.png 768w, https:\/\/bonitosound.com\/wp-content\/uploads\/2025\/02\/PremiosMIN2025_Header_v1-1-2-1536x401.png 1536w, https:\/\/bonitosound.com\/wp-content\/uploads\/2025\/02\/PremiosMIN2025_Header_v1-1-2.png 1786w\" sizes=\"auto, (max-width: 1024px) 100vw, 1024px\" \/><\/figure>\n<\/div>","protected":false},"excerpt":{"rendered":"<p>El passat dijous 20 de febrer es van anunciar les nominacions de la XVII edici\u00f3 dels premis Min, l'esdeveniment anual que promou i premia la m\u00fasica independent. Ens alegra anunciar que entre els seleccionats hi ha alguns dels nostres artistes. Des de Bonito Sound, us convidem a votar-los per al Premi del P\u00fablic fins al [&hellip;]<\/p>\n","protected":false},"author":4,"featured_media":1684,"comment_status":"closed","ping_status":"closed","sticky":false,"template":"","format":"standard","meta":{"_acf_changed":false,"footnotes":""},"categories":[1],"tags":[],"class_list":["post-1687","post","type-post","status-publish","format-standard","has-post-thumbnail","hentry","category-sin-categorizar"],"acf":[],"_links":{"self":[{"href":"https:\/\/bonitosound.com\/ca\/wp-json\/wp\/v2\/posts\/1687","targetHints":{"allow":["GET"]}}],"collection":[{"href":"https:\/\/bonitosound.com\/ca\/wp-json\/wp\/v2\/posts"}],"about":[{"href":"https:\/\/bonitosound.com\/ca\/wp-json\/wp\/v2\/types\/post"}],"author":[{"embeddable":true,"href":"https:\/\/bonitosound.com\/ca\/wp-json\/wp\/v2\/users\/4"}],"replies":[{"embeddable":true,"href":"https:\/\/bonitosound.com\/ca\/wp-json\/wp\/v2\/comments?post=1687"}],"version-history":[{"count":4,"href":"https:\/\/bonitosound.com\/ca\/wp-json\/wp\/v2\/posts\/1687\/revisions"}],"predecessor-version":[{"id":1694,"href":"https:\/\/bonitosound.com\/ca\/wp-json\/wp\/v2\/posts\/1687\/revisions\/1694"}],"wp:featuredmedia":[{"embeddable":true,"href":"https:\/\/bonitosound.com\/ca\/wp-json\/wp\/v2\/media\/1684"}],"wp:attachment":[{"href":"https:\/\/bonitosound.com\/ca\/wp-json\/wp\/v2\/media?parent=1687"}],"wp:term":[{"taxonomy":"category","embeddable":true,"href":"https:\/\/bonitosound.com\/ca\/wp-json\/wp\/v2\/categories?post=1687"},{"taxonomy":"post_tag","embeddable":true,"href":"https:\/\/bonitosound.com\/ca\/wp-json\/wp\/v2\/tags?post=1687"}],"curies":[{"name":"wp","href":"https:\/\/api.w.org\/{rel}","templated":true}]}}