{"id":1478,"date":"2025-01-20T16:02:05","date_gmt":"2025-01-20T15:02:05","guid":{"rendered":"https:\/\/bonitosound.com\/?p=1478"},"modified":"2025-02-21T13:37:29","modified_gmt":"2025-02-21T12:37:29","slug":"dj-natura-al-cabro-rock","status":"publish","type":"post","link":"https:\/\/bonitosound.com\/ca\/dj-natura-al-cabro-rock\/","title":{"rendered":"N\u00e0tura al Cabr\u00f3 Rock"},"content":{"rendered":"\n<p>Ens enorgulleix molt anunciar des de Bonito Sound que <strong>N\u00e0tura<\/strong> formar\u00e0 part de l'emblem\u00e0tic festival catal\u00e0 <strong>Cabr\u00f3 Rock<\/strong> que tindr\u00e0 lloc aquest <strong>13 i 14 de juny de 2025 a Vic<\/strong>. Compartir\u00e0 cartell amb artistes catalans destacats com Oques Grasses, The Tyets o Mushka. No deixeu escapar l\u2019oportunitat de gaudir de dos dies plens de m\u00fasica, emoci\u00f3 i festa.<\/p>\n\n\n\n<p>\ud83d\udd17 Aneu escalfant motors: <a href=\"https:\/\/open.spotify.com\/intl-es\/artist\/07Epl3n2QMYOUTYqZNfj3F?si=YOpIloIARfSeGHqaS4OmXw\">https:\/\/open.spotify.com\/intl-es\/artist\/07Epl3n2QMYOUTYqZNfj3F?si=YOpIloIARfSeGHqaS4OmXw<\/a><\/p>\n\n\n\n<figure class=\"wp-block-image size-large is-resized\"><img loading=\"lazy\" decoding=\"async\" width=\"819\" height=\"1024\" src=\"https:\/\/bonitosound.com\/wp-content\/uploads\/2025\/01\/Cartell-Cabro-Rock--819x1024.png\" alt=\"\" class=\"wp-image-1479\" style=\"width:375px;height:auto\" srcset=\"https:\/\/bonitosound.com\/wp-content\/uploads\/2025\/01\/Cartell-Cabro-Rock--819x1024.png 819w, https:\/\/bonitosound.com\/wp-content\/uploads\/2025\/01\/Cartell-Cabro-Rock--240x300.png 240w, https:\/\/bonitosound.com\/wp-content\/uploads\/2025\/01\/Cartell-Cabro-Rock--768x960.png 768w, https:\/\/bonitosound.com\/wp-content\/uploads\/2025\/01\/Cartell-Cabro-Rock-.png 1024w\" sizes=\"auto, (max-width: 819px) 100vw, 819px\" \/><\/figure>\n","protected":false},"excerpt":{"rendered":"<p>Ens enorgulleix molt anunciar des de Bonito Sound que N\u00e0tura formar\u00e0 part de l'emblem\u00e0tic festival catal\u00e0 Cabr\u00f3 Rock que tindr\u00e0 lloc aquest 13 i 14 de juny de 2025 a Vic. Compartir\u00e0 cartell amb artistes catalans destacats com Oques Grasses, The Tyets o Mushka. No deixeu escapar l\u2019oportunitat de gaudir de dos dies plens de [&hellip;]<\/p>\n","protected":false},"author":4,"featured_media":1480,"comment_status":"closed","ping_status":"open","sticky":false,"template":"","format":"standard","meta":{"_acf_changed":false,"footnotes":""},"categories":[1],"tags":[],"class_list":["post-1478","post","type-post","status-publish","format-standard","has-post-thumbnail","hentry","category-sin-categorizar"],"acf":[],"_links":{"self":[{"href":"https:\/\/bonitosound.com\/ca\/wp-json\/wp\/v2\/posts\/1478","targetHints":{"allow":["GET"]}}],"collection":[{"href":"https:\/\/bonitosound.com\/ca\/wp-json\/wp\/v2\/posts"}],"about":[{"href":"https:\/\/bonitosound.com\/ca\/wp-json\/wp\/v2\/types\/post"}],"author":[{"embeddable":true,"href":"https:\/\/bonitosound.com\/ca\/wp-json\/wp\/v2\/users\/4"}],"replies":[{"embeddable":true,"href":"https:\/\/bonitosound.com\/ca\/wp-json\/wp\/v2\/comments?post=1478"}],"version-history":[{"count":2,"href":"https:\/\/bonitosound.com\/ca\/wp-json\/wp\/v2\/posts\/1478\/revisions"}],"predecessor-version":[{"id":1483,"href":"https:\/\/bonitosound.com\/ca\/wp-json\/wp\/v2\/posts\/1478\/revisions\/1483"}],"wp:featuredmedia":[{"embeddable":true,"href":"https:\/\/bonitosound.com\/ca\/wp-json\/wp\/v2\/media\/1480"}],"wp:attachment":[{"href":"https:\/\/bonitosound.com\/ca\/wp-json\/wp\/v2\/media?parent=1478"}],"wp:term":[{"taxonomy":"category","embeddable":true,"href":"https:\/\/bonitosound.com\/ca\/wp-json\/wp\/v2\/categories?post=1478"},{"taxonomy":"post_tag","embeddable":true,"href":"https:\/\/bonitosound.com\/ca\/wp-json\/wp\/v2\/tags?post=1478"}],"curies":[{"name":"wp","href":"https:\/\/api.w.org\/{rel}","templated":true}]}}