{"id":1005,"date":"2024-07-30T12:21:49","date_gmt":"2024-07-30T10:21:49","guid":{"rendered":"https:\/\/bonitosound.com\/?p=1005"},"modified":"2025-02-21T13:37:30","modified_gmt":"2025-02-21T12:37:30","slug":"12o-forum-europeu-de-la-musica-equitat-a-la-musica-sofia-bulgaria","status":"publish","type":"post","link":"https:\/\/bonitosound.com\/ca\/12o-forum-europeu-de-la-musica-equitat-a-la-musica-sofia-bulgaria\/","title":{"rendered":"12\u00ba F\u00f2rum Europeu de la M\u00fasica: \"Equitat a la m\u00fasica\". (Sof\u00eda, Bulgaria)"},"content":{"rendered":"\n<p>Del 5 al 7 de juny de 2024, assistim al 12\u00e8 F\u00f2rum Europeu de la M\u00fasica (EFM) al Centre d'Arts Contempor\u00e0nies Toplocentrala a Sofia, Bulg\u00e0ria. Aquest esdeveniment va reunir m\u00e9s de 100 representants de m\u00e9s de 20 pa\u00efsos europeus i es va centrar en el tema \"<em>Equitat a la M\u00fasica<\/em>\", abordant diversos aspectes relacionats amb la just\u00edcia i la inclusi\u00f3 al sector musical.<\/p>\n\n\n\n<p>Durant el f\u00f2rum, Golnar Shahyar, ponent principal, va plantejar un q\u00fcestionament crucial: \"<em>\u00c9s just dir que la m\u00fasica \u00e9s un llenguatge universal?<\/em>\". Tot i que la seva resposta va ser negativa, va emfatitzar que la universalitat de la m\u00fasica es manifesta de diferents maneres. Aquesta perspectiva va ser un fil conductor a les taules de debat, que es van estendre al llarg dels tres dies de confer\u00e8ncies i panells.<\/p>\n\n\n\n<p>Un dels temes centrals va ser la representaci\u00f3 geogr\u00e0fica a l'\u00e0mbit musical. Ruth Koleva va presentar un estudi que va revelar la subrepresentaci\u00f3 d'artistes balc\u00e0nics a festivals europeus importants. La discussi\u00f3 sobre aquest tema, amb la participaci\u00f3 d'experts com Mariana Bondarenko de l'Institut Ucra\u00efn\u00e8s i Mila Georgieva de l'Associaci\u00f3 de M\u00fasica de Bulg\u00e0ria, va posar en relleu els desafiaments relacionats amb la log\u00edstica, el suport financer i els estereotips que afecten la diversitat a la m\u00fasica europea.<\/p>\n\n\n\n<p>Un altre aspecte clau abordat al f\u00f2rum van ser les condicions laborals al sector. Heidemarie Meissnitzer va presentar un informe de l'OMC sobre l'estat i les condicions de treball dels artistes i els professionals culturals. Al panell, Eva-Maria Bauer del Consell de M\u00fasica d'\u00c0ustria i Beno\u00eet Machuel de la Federaci\u00f3 Internacional de M\u00fasics van discutir la import\u00e0ncia dels sindicats i la negociaci\u00f3 col\u00b7lectiva per millorar les condicions laborals a la m\u00fasica.<\/p>\n\n\n\n<p>El sector de la m\u00fasica en viu tamb\u00e9 fou un punt focal del f\u00f2rum. Es va discutir el paper crucial dels llocs de m\u00fasica en viu per promoure l'equitat i la inclusivitat. Experts com Robbe Van Bogaert d'Eventsure i St\u00e9phane Amiel de <em>Les femmes s'en m\u00ealent <\/em>van compartir experi\u00e8ncies sobre programaci\u00f3 inclusiva i projectes d'igualtat de g\u00e8nere.<\/p>\n\n\n\n<p>A m\u00e9s a m\u00e9s, es va debatre l'impacte de la societat moderna en els valors universals de la m\u00fasica. Niels Gr\u00e6sholm de la Federaci\u00f3 Internacional per a la M\u00fasica Coral i Finn Schumacker de l'Associaci\u00f3 Europea de Conservatoris van destacar la necessitat que tots els nens participin a la creaci\u00f3 musical per enfortir els valors humans.<\/p>\n\n\n\n<p>A l'\u00e0mbit del streaming de m\u00fasica, Sandra Tinner del Consell de M\u00fasica de Su\u00efssa i Helienne Lindvall de l'Alian\u00e7a Europea de Compositors i Escriptors de Can\u00e7ons van discutir els models actuals de streaming i les alternatives, subratllant la import\u00e0ncia d'una remuneraci\u00f3 justa per a tots els treballs musicals.<\/p>\n\n\n\n<p>El f\u00f2rum tamb\u00e9 va incloure un programa musical comissariat per l'Associaci\u00f3 de M\u00fasica de Bulg\u00e0ria, que va presentar una varietat d'actuacions locals, des del cor Bistritsa Babi fins a l'Orquestra de Cambra Sofia Soloists.<\/p>\n\n\n\n<p>El 12\u00e8 F\u00f2rum Europeu de la M\u00fasica a Sofia va proporcionar una plataforma per debatre sobre com la m\u00fasica pot ser universal en les diverses formes i va ressaltar la import\u00e0ncia d'abordar l'equitat en el sector musical. Aquest esdeveniment tamb\u00e9 va marcar el 75\u00e8 aniversari del Consell Internacional de la M\u00fasica i va destacar els cinc drets musicals de l'IMC.<\/p>\n","protected":false},"excerpt":{"rendered":"<p>Del 5 al 7 de juny de 2024, assistim al 12\u00e8 F\u00f2rum Europeu de la M\u00fasica (EFM) al Centre d'Arts Contempor\u00e0nies Toplocentrala a Sofia, Bulg\u00e0ria. Aquest esdeveniment va reunir m\u00e9s de 100 representants de m\u00e9s de 20 pa\u00efsos europeus i es va centrar en el tema \"Equitat a la M\u00fasica\", abordant diversos aspectes relacionats amb [&hellip;]<\/p>\n","protected":false},"author":4,"featured_media":861,"comment_status":"closed","ping_status":"closed","sticky":false,"template":"","format":"standard","meta":{"_acf_changed":false,"footnotes":""},"categories":[1],"tags":[],"class_list":["post-1005","post","type-post","status-publish","format-standard","has-post-thumbnail","hentry","category-sin-categorizar"],"acf":[],"_links":{"self":[{"href":"https:\/\/bonitosound.com\/ca\/wp-json\/wp\/v2\/posts\/1005","targetHints":{"allow":["GET"]}}],"collection":[{"href":"https:\/\/bonitosound.com\/ca\/wp-json\/wp\/v2\/posts"}],"about":[{"href":"https:\/\/bonitosound.com\/ca\/wp-json\/wp\/v2\/types\/post"}],"author":[{"embeddable":true,"href":"https:\/\/bonitosound.com\/ca\/wp-json\/wp\/v2\/users\/4"}],"replies":[{"embeddable":true,"href":"https:\/\/bonitosound.com\/ca\/wp-json\/wp\/v2\/comments?post=1005"}],"version-history":[{"count":1,"href":"https:\/\/bonitosound.com\/ca\/wp-json\/wp\/v2\/posts\/1005\/revisions"}],"predecessor-version":[{"id":1006,"href":"https:\/\/bonitosound.com\/ca\/wp-json\/wp\/v2\/posts\/1005\/revisions\/1006"}],"wp:featuredmedia":[{"embeddable":true,"href":"https:\/\/bonitosound.com\/ca\/wp-json\/wp\/v2\/media\/861"}],"wp:attachment":[{"href":"https:\/\/bonitosound.com\/ca\/wp-json\/wp\/v2\/media?parent=1005"}],"wp:term":[{"taxonomy":"category","embeddable":true,"href":"https:\/\/bonitosound.com\/ca\/wp-json\/wp\/v2\/categories?post=1005"},{"taxonomy":"post_tag","embeddable":true,"href":"https:\/\/bonitosound.com\/ca\/wp-json\/wp\/v2\/tags?post=1005"}],"curies":[{"name":"wp","href":"https:\/\/api.w.org\/{rel}","templated":true}]}}