{"id":1002,"date":"2024-08-01T13:43:14","date_gmt":"2024-08-01T11:43:14","guid":{"rendered":"https:\/\/bonitosound.com\/?p=1002"},"modified":"2025-02-21T13:37:30","modified_gmt":"2025-02-21T12:37:30","slug":"leclipsi-deva-calyza-para-mi","status":"publish","type":"post","link":"https:\/\/bonitosound.com\/ca\/leclipsi-deva-calyza-para-mi\/","title":{"rendered":"L'eclipsi d'Eva Calyza: \"para m\u00ed\""},"content":{"rendered":"\n<ul class=\"wp-block-list\">\n<li>Tercer single de la madrilenya, \u201c<strong>para m\u00ed<\/strong>\u201d, fidel al pop renovat de la seva nova etapa musical.<\/li>\n\n\n\n<li>Despr\u00e9s de <em>Cazador<\/em> i <em>Llora tu pena<\/em>, els dos singles d'aquest any, Eva s'obre honestament a parlar de l'amor, deixant de banda la tristesa o la r\u00e0bia.<\/li>\n<\/ul>\n\n\n\n<p>Aquest any s'estan descobrint noves facetes d'Eva Calyza, que experimenta amb el pop barrejant amb altres g\u00e8neres, sense perdre els sons flamencs que tant impregnen la seva m\u00fasica. I, per fi, arriba el tercer single de l'artista, \u201cpara m\u00ed\u201d, acompanyada novament de Pau Aym\u00ed a la producci\u00f3, un tema que es va comen\u00e7ar a compondre el novembre del 2022 i que ha viatjat entre Madrid i Barcelona fins a arribar avui .<\/p>\n\n\n\n<p>Enamorar-se \u00e9s una muntanya russa, per\u00f2 per qu\u00e8 tractar el desamor sempre des de la tristesa o la r\u00e0bia? Per qu\u00e8 no tractar l'amor de manera honesta i des de la idea m\u00e9s rom\u00e0ntica? L'Eva ens obre la seva \u00e0nima -la seva m\u00fasica- de manera contundent i ens reflecteix aquest primer moment quan est\u00e0s conven\u00e7ut que l'altra persona est\u00e0 feta a la teva mida. Ser\u00e0 aix\u00ed?<\/p>\n\n\n\n<blockquote class=\"wp-block-quote has-text-align-center is-layout-flow wp-block-quote-is-layout-flow\">\n<blockquote class=\"wp-block-quote is-layout-flow wp-block-quote-is-layout-flow\">\n<blockquote class=\"wp-block-quote is-layout-flow wp-block-quote-is-layout-flow\">\n<blockquote class=\"wp-block-quote is-layout-flow wp-block-quote-is-layout-flow\">\n<p><em><strong>\u201cpara m\u00ed\u201d es una canci\u00f3n de amor. Hay cierta oscuridad, o \u201cpasi\u00f3n\u201d en algunos momentos de la producci\u00f3n, que no es m\u00e1s que el reflejo de la certeza de pensar: \u201costras, que me he enamorado, ahora qu\u00e9\u201d.<\/strong><\/em><\/p>\n<cite>Eva Calyza<\/cite><\/blockquote>\n<\/blockquote>\n<\/blockquote>\n<\/blockquote>\n\n\n\n<div style=\"height:42px\" aria-hidden=\"true\" class=\"wp-block-spacer\"><\/div>\n\n\n\n<div class=\"wp-block-buttons is-content-justification-center is-layout-flex wp-container-core-buttons-is-layout-a89b3969 wp-block-buttons-is-layout-flex\">\n<div class=\"wp-block-button has-custom-width wp-block-button__width-50\"><a class=\"wp-block-button__link has-background wp-element-button\" href=\"https:\/\/orcd.co\/parami-evacalyza\" style=\"background-color:#385f87\" target=\"_blank\" rel=\"noreferrer noopener\">Ja disponible a totes les plataformes<\/a><\/div>\n<\/div>\n","protected":false},"excerpt":{"rendered":"<p>Aquest any s'estan descobrint noves facetes d'Eva Calyza, que experimenta amb el pop barrejant amb altres g\u00e8neres, sense perdre els sons flamencs que tant impregnen la seva m\u00fasica. I, per fi, arriba el tercer single de l'artista, \u201cpara m\u00ed\u201d, acompanyada novament de Pau Aym\u00ed a la producci\u00f3, un tema que es va comen\u00e7ar a compondre [&hellip;]<\/p>\n","protected":false},"author":4,"featured_media":569,"comment_status":"closed","ping_status":"closed","sticky":false,"template":"","format":"standard","meta":{"_acf_changed":false,"footnotes":""},"categories":[1],"tags":[],"class_list":["post-1002","post","type-post","status-publish","format-standard","has-post-thumbnail","hentry","category-sin-categorizar"],"acf":[],"_links":{"self":[{"href":"https:\/\/bonitosound.com\/ca\/wp-json\/wp\/v2\/posts\/1002","targetHints":{"allow":["GET"]}}],"collection":[{"href":"https:\/\/bonitosound.com\/ca\/wp-json\/wp\/v2\/posts"}],"about":[{"href":"https:\/\/bonitosound.com\/ca\/wp-json\/wp\/v2\/types\/post"}],"author":[{"embeddable":true,"href":"https:\/\/bonitosound.com\/ca\/wp-json\/wp\/v2\/users\/4"}],"replies":[{"embeddable":true,"href":"https:\/\/bonitosound.com\/ca\/wp-json\/wp\/v2\/comments?post=1002"}],"version-history":[{"count":2,"href":"https:\/\/bonitosound.com\/ca\/wp-json\/wp\/v2\/posts\/1002\/revisions"}],"predecessor-version":[{"id":1007,"href":"https:\/\/bonitosound.com\/ca\/wp-json\/wp\/v2\/posts\/1002\/revisions\/1007"}],"wp:featuredmedia":[{"embeddable":true,"href":"https:\/\/bonitosound.com\/ca\/wp-json\/wp\/v2\/media\/569"}],"wp:attachment":[{"href":"https:\/\/bonitosound.com\/ca\/wp-json\/wp\/v2\/media?parent=1002"}],"wp:term":[{"taxonomy":"category","embeddable":true,"href":"https:\/\/bonitosound.com\/ca\/wp-json\/wp\/v2\/categories?post=1002"},{"taxonomy":"post_tag","embeddable":true,"href":"https:\/\/bonitosound.com\/ca\/wp-json\/wp\/v2\/tags?post=1002"}],"curies":[{"name":"wp","href":"https:\/\/api.w.org\/{rel}","templated":true}]}}